[{"id":5083,"link":"https:\/\/biere-delos.fr\/2026\/04\/28\/leurope-parente-pauvre-de-la-world-beer-cup\/","name":"leurope-parente-pauvre-de-la-world-beer-cup","thumbnail":{"url":false,"alt":false},"title":"L'Europe, parente pauvre de la World Beer Cup","postMeta":{"_edit_lock":["1777386531:2"]},"author":{"name":"Gilbert DELOS","link":"https:\/\/biere-delos.fr\/author\/gilbert\/"},"date":"Avr 28, 2026","dateGMT":"2026-04-28 14:09:33","modifiedDate":"2026-04-28 15:09:33","modifiedDateGMT":"2026-04-28 14:09:33","commentCount":"0","commentStatus":"open","categories":{"coma":"<a href=\"https:\/\/biere-delos.fr\/category\/non-classe\/\" rel=\"category tag\">Non class\u00e9<\/a>","space":"<a href=\"https:\/\/biere-delos.fr\/category\/non-classe\/\" rel=\"category tag\">Non class\u00e9<\/a>"},"taxonomies":{"post_tag":""},"readTime":{"min":1,"sec":35},"status":"publish","content":"Le bilan de la 17\u00e8me \u00e9dition de la World Beer Cup n'a gu\u00e8re \u00e9t\u00e9 favorable aux pays europ\u00e9ens, une fois de plus, m\u00eame si la France sauve l'honneur avec la m\u00e9daille d'argent remport\u00e9e par la Jong de la Spontanerie \u00e0 Blaringhem, ce qui n'\u00e9tait pas arriv\u00e9 depuis longtemps... Mais, pour le reste, les r\u00e9sultats sont bien maigres : deux m\u00e9dailles pour"},{"id":5079,"link":"https:\/\/biere-delos.fr\/2026\/04\/27\/la-spontanerie-medaille-dargent-a-la-world-beer-cup\/","name":"la-spontanerie-medaille-dargent-a-la-world-beer-cup","thumbnail":{"url":false,"alt":false},"title":"La Spontanerie, m\u00e9daille d'argent \u00e0 la World Beer Cup","postMeta":{"_edit_lock":["1777382315:2"]},"author":{"name":"Gilbert DELOS","link":"https:\/\/biere-delos.fr\/author\/gilbert\/"},"date":"Avr 27, 2026","dateGMT":"2026-04-27 15:18:34","modifiedDate":"2026-04-27 16:18:34","modifiedDateGMT":"2026-04-27 15:18:34","commentCount":"0","commentStatus":"open","categories":{"coma":"<a href=\"https:\/\/biere-delos.fr\/category\/concours\/\" rel=\"category tag\">Concours<\/a>","space":"<a href=\"https:\/\/biere-delos.fr\/category\/concours\/\" rel=\"category tag\">Concours<\/a>"},"taxonomies":{"post_tag":""},"readTime":{"min":1,"sec":1},"status":"publish","content":"La brasserie La Spontanerie, cr\u00e9\u00e9e \u00e0 Blaringhem par la brasserie du Pays Flamand, a obtenu une m\u00e9daille d'argent dans la cat\u00e9gorie des bi\u00e8res brett\u00e9es pour sa Jong, selon le palmar\u00e8s de la World Beer Cup r\u00e9v\u00e9l\u00e9 ce week-end \u00e0 Philadelphie. Consid\u00e9r\u00e9e comme le plus important concours mondial de bi\u00e8res, cette comp\u00e9tition a d\u00e9cern\u00e9, pour son trenti\u00e8me anniversaire, 353 m\u00e9dailles au total."},{"id":5076,"link":"https:\/\/biere-delos.fr\/2026\/04\/27\/avec-le-smaak-3-monts-ouvre-son-restaurant\/","name":"avec-le-smaak-3-monts-ouvre-son-restaurant","thumbnail":{"url":false,"alt":false},"title":"Avec Le Smaak, 3 Monts ouvre son restaurant","postMeta":{"_edit_lock":["1777294851:2"]},"author":{"name":"Gilbert DELOS","link":"https:\/\/biere-delos.fr\/author\/gilbert\/"},"date":"Avr 27, 2026","dateGMT":"2026-04-27 09:10:38","modifiedDate":"2026-04-27 10:10:38","modifiedDateGMT":"2026-04-27 09:10:38","commentCount":"0","commentStatus":"open","categories":{"coma":"<a href=\"https:\/\/biere-delos.fr\/category\/etablissements\/\" rel=\"category tag\">Etablissements<\/a>","space":"<a href=\"https:\/\/biere-delos.fr\/category\/etablissements\/\" rel=\"category tag\">Etablissements<\/a>"},"taxonomies":{"post_tag":""},"readTime":{"min":1,"sec":22},"status":"publish","content":"L'\u00e9quipe du Smaak. (Photo La Voix du Nord). Ouvert depuis le 25 avril, Le Smaak est un nouveau restaurant situ\u00e9 juste \u00e0 c\u00f4t\u00e9 de la brasserie 3 Monts, \u00e0 Saint-Sylvestre-Cappel. En flamand, le nom signifie le go\u00fbt, afin de traduire la volont\u00e9 de la brasserie d'y d\u00e9velopper une cuisine gourmande et locale. Mais il faut savoir aussi que, toujours en flamand,"},{"id":5071,"link":"https:\/\/biere-delos.fr\/2026\/04\/22\/lancement-de-la-brooklyn-bodega-ipa\/","name":"lancement-de-la-brooklyn-bodega-ipa","thumbnail":{"url":false,"alt":false},"title":"Lancement de la Brooklyn Bodega IPA","postMeta":{"_edit_lock":["1776881760:2"]},"author":{"name":"Gilbert DELOS","link":"https:\/\/biere-delos.fr\/author\/gilbert\/"},"date":"Avr 22, 2026","dateGMT":"2026-04-22 13:49:24","modifiedDate":"2026-04-22 14:49:24","modifiedDateGMT":"2026-04-22 13:49:24","commentCount":"0","commentStatus":"open","categories":{"coma":"<a href=\"https:\/\/biere-delos.fr\/category\/non-classe\/\" rel=\"category tag\">Non class\u00e9<\/a>","space":"<a href=\"https:\/\/biere-delos.fr\/category\/non-classe\/\" rel=\"category tag\">Non class\u00e9<\/a>"},"taxonomies":{"post_tag":""},"readTime":{"min":1,"sec":33},"status":"publish","content":"Apr\u00e8s une premier test l'an dernier dans une boutique \u00e9ph\u00e9m\u00e8re \u00e0 Paris, Brooklyn et son distributeur Kronenbourg lancent dans tous les circuits la Bodega Run Smooth IPA (5% d'alc.vol.). Elle est con\u00e7ue pour \u00e9largir l'audience du style IPA... en diminuant fortement son amertume, ce qui est pour le moins paradoxal ! Mais, pour Arthur Crombez, chef de groupe Brooklyn, \"nous avons"},{"id":5069,"link":"https:\/\/biere-delos.fr\/2026\/04\/21\/le-craft-toujours-en-baisse-aux-usa\/","name":"le-craft-toujours-en-baisse-aux-usa","thumbnail":{"url":false,"alt":false},"title":"Le craft toujours en baisse aux USA","postMeta":{"_edit_lock":["1776776400:2"]},"author":{"name":"Gilbert DELOS","link":"https:\/\/biere-delos.fr\/author\/gilbert\/"},"date":"Avr 21, 2026","dateGMT":"2026-04-21 12:51:51","modifiedDate":"2026-04-21 13:51:51","modifiedDateGMT":"2026-04-21 12:51:51","commentCount":"0","commentStatus":"open","categories":{"coma":"<a href=\"https:\/\/biere-delos.fr\/category\/economie\/\" rel=\"category tag\">Economie<\/a>","space":"<a href=\"https:\/\/biere-delos.fr\/category\/economie\/\" rel=\"category tag\">Economie<\/a>"},"taxonomies":{"post_tag":""},"readTime":{"min":1,"sec":14},"status":"publish","content":"Selon le rapport annuel de la Brewers Association, qui r\u00e9unit plus de 5 400 brasseries artisanales aux \u00c9tats-Unis, la production artisanale totale a chut\u00e9 de 5,1 % en 2025, 60 % des brasseries d\u00e9clarant des baisses, 39 % une croissance et 1 % de la stabilit\u00e9. Par ailleurs, le nombre de brasseries artisanales en exploitation a chut\u00e9 de 2,9 % par"},{"id":5066,"link":"https:\/\/biere-delos.fr\/2026\/04\/20\/quel-avenir-pour-la-biere\/","name":"quel-avenir-pour-la-biere","thumbnail":{"url":false,"alt":false},"title":"Quel avenir pour la bi\u00e8re ?","postMeta":{"_edit_lock":["1776675087:2"]},"author":{"name":"Gilbert DELOS","link":"https:\/\/biere-delos.fr\/author\/gilbert\/"},"date":"Avr 20, 2026","dateGMT":"2026-04-20 08:19:10","modifiedDate":"2026-04-20 09:19:10","modifiedDateGMT":"2026-04-20 08:19:10","commentCount":"0","commentStatus":"open","categories":{"coma":"<a href=\"https:\/\/biere-delos.fr\/category\/non-classe\/\" rel=\"category tag\">Non class\u00e9<\/a>","space":"<a href=\"https:\/\/biere-delos.fr\/category\/non-classe\/\" rel=\"category tag\">Non class\u00e9<\/a>"},"taxonomies":{"post_tag":""},"readTime":{"min":0,"sec":43},"status":"publish","content":"Pour f\u00eater le 30\u00e8me anniversaire de son concours de bi\u00e8res, le Mus\u00e9e Fran\u00e7ais de la Brasserie organise un d\u00e9bat sur le web qui se tiendra le jeudi 23 avril de 14 h \u00e0 15 h 30. Il aura pour th\u00e8me : L\u2019avenir des bi\u00e8res : apr\u00e8s la diversification, un retour aux fondamentaux ? Quatre th\u00e9matiques y seront abord\u00e9es : Des bi\u00e8res"},{"id":5062,"link":"https:\/\/biere-delos.fr\/2026\/04\/15\/5eme-edition-pour-le-festival-des-bieres-dabbaye\/","name":"5eme-edition-pour-le-festival-des-bieres-dabbaye","thumbnail":{"url":false,"alt":false},"title":"5\u00e9me \u00e9dition pour le festival des bi\u00e8res d'abbaye","postMeta":{"_edit_lock":["1776261643:2"]},"author":{"name":"Gilbert DELOS","link":"https:\/\/biere-delos.fr\/author\/gilbert\/"},"date":"Avr 15, 2026","dateGMT":"2026-04-15 13:46:48","modifiedDate":"2026-04-15 14:46:48","modifiedDateGMT":"2026-04-15 13:46:48","commentCount":"0","commentStatus":"open","categories":{"coma":"<a href=\"https:\/\/biere-delos.fr\/category\/non-classe\/\" rel=\"category tag\">Non class\u00e9<\/a>","space":"<a href=\"https:\/\/biere-delos.fr\/category\/non-classe\/\" rel=\"category tag\">Non class\u00e9<\/a>"},"taxonomies":{"post_tag":""},"readTime":{"min":1,"sec":21},"status":"publish","content":"Organis\u00e9e par l'\u00c9chapp\u00e9e Bi\u00e8re, cette nouvelle \u00e9dition se tiendra comme de coutume \u00e0 l'abbaye de Vaucelles, pr\u00e8s de Cambrai dans le Nord, les 12, 13 et 14 juin prochains. Plus de 70 bi\u00e8res d'abbaye y seront pr\u00e9sent\u00e9es par leurs brasseries, tandis qu'un bar proposera \u00e0 la d\u00e9gustation toutes les bi\u00e8res trappistes existant dans le monde. Certes, il faut rappeler que la"},{"id":5059,"link":"https:\/\/biere-delos.fr\/2026\/04\/14\/les-30-ans-du-concours-de-st-nicolas-de-port\/","name":"les-30-ans-du-concours-de-st-nicolas-de-port","thumbnail":{"url":false,"alt":false},"title":"Les 30 ans du concours de St-Nicolas-de-Port","postMeta":{"_edit_lock":["1776161912:2"]},"author":{"name":"Gilbert DELOS","link":"https:\/\/biere-delos.fr\/author\/gilbert\/"},"date":"Avr 14, 2026","dateGMT":"2026-04-14 10:10:18","modifiedDate":"2026-04-14 11:10:18","modifiedDateGMT":"2026-04-14 10:10:18","commentCount":"0","commentStatus":"open","categories":{"coma":"<a href=\"https:\/\/biere-delos.fr\/category\/anniversaire\/\" rel=\"category tag\">Anniversaire<\/a>","space":"<a href=\"https:\/\/biere-delos.fr\/category\/anniversaire\/\" rel=\"category tag\">Anniversaire<\/a>"},"taxonomies":{"post_tag":""},"readTime":{"min":0,"sec":58},"status":"publish","content":"Cr\u00e9\u00e9 \u00e0 Saint-Nicolas-de-Port, le concours de bi\u00e8res du Mus\u00e9e Fran\u00e7ais de la Brasserie est l'un des plus anciens de France, et le seul qui soit ouvert aux professionnels comme aux amateurs, qui, bien s\u00fbr, concourent dans des cat\u00e9gories s\u00e9par\u00e9es. Et les Fourquets (Or, Argent et Bronze) qui r\u00e9compensent les brasseurs dans neuf cat\u00e9gories diff\u00e9rentes, sont depuis longtemps des r\u00e9compenses reconnues pour"},{"id":5053,"link":"https:\/\/biere-delos.fr\/2026\/04\/13\/beers-corner-un-nouveau-concept-de-bar-a-bieres\/","name":"beers-corner-un-nouveau-concept-de-bar-a-bieres","thumbnail":{"url":false,"alt":false},"title":"Beer's Corner, un nouveau concept de bar \u00e0 bi\u00e8res","postMeta":{"_edit_lock":["1776071460:2"]},"author":{"name":"Gilbert DELOS","link":"https:\/\/biere-delos.fr\/author\/gilbert\/"},"date":"Avr 13, 2026","dateGMT":"2026-04-13 08:51:06","modifiedDate":"2026-04-13 09:51:06","modifiedDateGMT":"2026-04-13 08:51:06","commentCount":"0","commentStatus":"open","categories":{"coma":"<a href=\"https:\/\/biere-delos.fr\/category\/etablissements\/\" rel=\"category tag\">Etablissements<\/a>","space":"<a href=\"https:\/\/biere-delos.fr\/category\/etablissements\/\" rel=\"category tag\">Etablissements<\/a>"},"taxonomies":{"post_tag":""},"readTime":{"min":2,"sec":40},"status":"publish","content":"Le Beer's Corner de Ch\u00e2tenay-Malabry. R\u00e9v\u00e9lation du salon de la franchise 2026, le concept Beer's Corner affiche de grandes ambitions dans un futur proche. Existent d\u00e9j\u00e0 cinq \u00e9tablissements en fonctionnement, et onze doivent ouvrir avant la fin de l'ann\u00e9e, principalement dans des villes de taille moyenne un peu partout en France. De plus, l'enseigne fond\u00e9e en 2018 par Florian Dumoutier et"},{"id":5050,"link":"https:\/\/biere-delos.fr\/2026\/04\/11\/a-arras-le-retour-de-la-fete-de-la-biere\/","name":"a-arras-le-retour-de-la-fete-de-la-biere","thumbnail":{"url":false,"alt":false},"title":"\u00c0 Arras, le retour de la F\u00eate de la Bi\u00e8re !","postMeta":{"_edit_lock":["1775919963:2"]},"author":{"name":"Gilbert DELOS","link":"https:\/\/biere-delos.fr\/author\/gilbert\/"},"date":"Avr 11, 2026","dateGMT":"2026-04-11 08:38:11","modifiedDate":"2026-04-11 09:38:11","modifiedDateGMT":"2026-04-11 08:38:11","commentCount":"1","commentStatus":"open","categories":{"coma":"<a href=\"https:\/\/biere-delos.fr\/category\/salon\/\" rel=\"category tag\">Salon<\/a>","space":"<a href=\"https:\/\/biere-delos.fr\/category\/salon\/\" rel=\"category tag\">Salon<\/a>"},"taxonomies":{"post_tag":""},"readTime":{"min":1,"sec":9},"status":"publish","content":"Les 2 et 3 mai prochains, la Grand' Place d'Arras va \u00e0 nouveau accueillir un salon de la bi\u00e8re artisanale. Car la dissolution de Beer Potes, pr\u00e9c\u00e9dent organisateur du salon du m\u00eame nom, avait laiss\u00e9 un grand vide pour tous les passionn\u00e9s de la r\u00e9gion. Aussi, en 2024, l'Arras Beer Club a \u00e9t\u00e9 cr\u00e9\u00e9 par quatre amateurs de bi\u00e8res artisanales (dont"},{"id":5047,"link":"https:\/\/biere-delos.fr\/2026\/04\/10\/hellfest-devient-la-marque-collective-de-newbeers\/","name":"hellfest-devient-la-marque-collective-de-newbeers","thumbnail":{"url":false,"alt":false},"title":"Hellfest devient la marque collective de Newbeers","postMeta":{"_edit_lock":["1775815011:2"]},"author":{"name":"Gilbert DELOS","link":"https:\/\/biere-delos.fr\/author\/gilbert\/"},"date":"Avr 10, 2026","dateGMT":"2026-04-10 09:42:14","modifiedDate":"2026-04-10 10:42:14","modifiedDateGMT":"2026-04-10 09:42:14","commentCount":"0","commentStatus":"open","categories":{"coma":"<a href=\"https:\/\/biere-delos.fr\/category\/innovation\/\" rel=\"category tag\">Innovation<\/a>","space":"<a href=\"https:\/\/biere-delos.fr\/category\/innovation\/\" rel=\"category tag\">Innovation<\/a>"},"taxonomies":{"post_tag":""},"readTime":{"min":0,"sec":49},"status":"publish","content":"Les 4 d\u00e9clinaisons d'Hellfest. \u00c0 l'origine d\u00e9velopp\u00e9e par M\u00e9lusine en liaison avec le festival m\u00e9tal du m\u00eame nom bas\u00e9 \u00e0 Clisson, Hellfest devient la marque collective des quatre brasseries du groupe Newbeers. Chacune d'elles va en effet \u00e9laborer une des d\u00e9clinaisons de cette bi\u00e8re : l'IPA (6,66\u00b0) par M\u00e9lusine en bouteilles de 75 cl et 33 cl, bo\u00eete m\u00e9tal de 50"},{"id":5043,"link":"https:\/\/biere-delos.fr\/2026\/04\/08\/nouveau-look-pour-la-kro\/","name":"nouveau-look-pour-la-kro","thumbnail":{"url":false,"alt":false},"title":"Nouveau look pour la Kro","postMeta":{"_edit_lock":["1775637947:2"]},"author":{"name":"Gilbert DELOS","link":"https:\/\/biere-delos.fr\/author\/gilbert\/"},"date":"Avr 8, 2026","dateGMT":"2026-04-08 08:37:39","modifiedDate":"2026-04-08 09:37:39","modifiedDateGMT":"2026-04-08 08:37:39","commentCount":"0","commentStatus":"open","categories":{"coma":"<a href=\"https:\/\/biere-delos.fr\/category\/marketing\/\" rel=\"category tag\">Marketing<\/a>","space":"<a href=\"https:\/\/biere-delos.fr\/category\/marketing\/\" rel=\"category tag\">Marketing<\/a>"},"taxonomies":{"post_tag":""},"readTime":{"min":1,"sec":1},"status":"publish","content":"Marque patrimoniale de la brasserie depuis 1947, la Kronenbourg renouvelle cette ann\u00e9e son design et son emballage, mais ne change rien \u00e0 sa recette et \u00e0 son go\u00fbt. Inspir\u00e9 de l'h\u00e9ritage de la marque, et notamment son ancrage alsacien, la bouteille comme les packs (de 6 \u00e0 40 bouteilles de 25 cl) mettent en avant plusieurs \u00e9l\u00e9ments forts : la lettre"}]